[{"@context":"https:\/\/schema.org\/","@type":"Article","@id":"https:\/\/www.basketesprit.sk\/kam-sa-podela-slusnost\/#Article","mainEntityOfPage":"https:\/\/www.basketesprit.sk\/kam-sa-podela-slusnost\/","headline":"Kam sa podela slu\u0161nos\u0165?","name":"Kam sa podela slu\u0161nos\u0165?","description":"R\u00fdchle aut\u00e1, najnov\u0161ie mobiln\u00e9 telef\u00f3ny, v\u0161ade pr\u00edstupn\u00fd internet, ktor\u00fd sp\u00e1ja \u013eud\u00ed na celej zemeguli. Najnov\u0161ia...","datePublished":"2018-05-10","dateModified":"2023-04-26","author":{"@type":"Person","@id":"https:\/\/www.basketesprit.sk\/author\/#Person","name":"basketesprit.sk","url":"https:\/\/www.basketesprit.sk\/author\/","identifier":1,"image":{"@type":"ImageObject","@id":"https:\/\/secure.gravatar.com\/avatar\/4eaadff62661a2c38386085c87f88f683e575f9fda122ff8560bf1208996f3c5?s=96&d=mm&r=g","url":"https:\/\/secure.gravatar.com\/avatar\/4eaadff62661a2c38386085c87f88f683e575f9fda122ff8560bf1208996f3c5?s=96&d=mm&r=g","height":96,"width":96}},"publisher":{"@type":"Organization","name":"basketesprit.sk","logo":{"@type":"ImageObject","@id":"\/logo.png","url":"\/logo.png","width":600,"height":60}},"image":{"@type":"ImageObject","@id":"https:\/\/www.basketesprit.sk\/wp-content\/uploads\/img_a289403_w16490_t1531231882.jpg","url":"https:\/\/www.basketesprit.sk\/wp-content\/uploads\/img_a289403_w16490_t1531231882.jpg","height":0,"width":0},"url":"https:\/\/www.basketesprit.sk\/kam-sa-podela-slusnost\/","about":["Slu\u017eby"],"wordCount":431,"articleBody":"R\u00fdchle aut\u00e1, najnov\u0161ie mobiln\u00e9 telef\u00f3ny, v\u0161ade pr\u00edstupn\u00fd internet, ktor\u00fd sp\u00e1ja \u013eud\u00ed na celej zemeguli. Najnov\u0161ia technika, ktor\u00e1 valcuje svet a\u00a0m\u00e1lokoho nech\u00e1 \u00faplne chladn\u00fdm. To v\u0161etko n\u00e1m dnes pon\u00faka \u017eivot, a\u00a0je len na n\u00e1s, do akej miery sa t\u00fdm nech\u00e1me pohlti\u0165.Slov\u00e1 ako slu\u0161nos\u0165, \u010di \u00facta s\u00fa dnes ve\u013emi m\u00e1lo pou\u017e\u00edvan\u00e9, \u010do je hor\u0161ie, nie s\u00fa ani tak \u010dasto realizovan\u00e9. Modern\u00e1 doba n\u00e1s pohlcuje, berie n\u00e1m slobodu a\u00a0rob\u00ed z\u00a0n\u00e1s in\u00fdch \u013eud\u00ed. Na prv\u00fd poh\u013ead sa s\u00edce zd\u00e1, \u017ee \u017eivot je so v\u0161etk\u00fdmi skvel\u00fdmi technick\u00fdmi, \u010di in\u00fdmi pomocn\u00edkmi omnoho \u013eah\u0161\u00ed, \u010do aj je, ale \u013eudia akosi zab\u00fadaj\u00fa komunikova\u0165 mimo svojich mobilov alebo po\u010d\u00edta\u010dov.Sme \u013eudia, ale nie v\u017edy sa tak spr\u00e1vame. Nakupujeme v\u00a0supermarkete, kde h\u013ead\u00e1me pomoc od zamestnancov, pekn\u00e9ho slova sa v\u0161ak nedo\u010dk\u00e1me. Pri pokladni na n\u00e1s predava\u010di striehnu ako supy a\u00a0v\u00a0autobuse n\u00e1s prevalcuj\u00fa arogantn\u00ed mlad\u00edci. Treba sa na to v\u0161ak pozrie\u0165 aj z\u00a0opa\u010dnej str\u00e1nky. Ani my v\u017edy nem\u00e1me najlep\u0161\u00ed de\u0148 a\u00a0mnohokr\u00e1t sme to pr\u00e1ve my, kto na nevinn\u00fa paniu za poklad\u0148ou zv\u00fd\u0161i hlas.Ne\u010dakajme od \u013eud\u00ed nie\u010do, \u010do nie sme schopn\u00ed da\u0165. V\u0161ade natraf\u00edme na r\u00f4znych \u013eud\u00ed, ktor\u00ed s\u00fa milo alebo nie ve\u013emi priate\u013esky naladen\u00ed. Nikdy v\u0161ak \u00faplne nevid\u00edme za oponu. Nevieme, \u010do v\u0161etko sa stalo pred t\u00fdm, ako na n\u00e1s p\u00e1n na po\u0161te skr\u00edkol, \u010di si nie\u010do za\u0161omral. Nikdy nevid\u00edme \u010falej, preto by sme nemali s\u00fadi\u0165. Slu\u0161nos\u0165 a\u00a0\u00facta s\u00fa st\u00e1le medzi nami, ka\u017ed\u00fd z\u00a0n\u00e1s vie rozd\u00e1va\u0165 aj dobro, ale len do takej miery, ak\u00fa si s\u00e1m zvol\u00ed.Aj \u013eudia v\u00a0r\u00f4znych zamestnaniach len vykon\u00e1vaj\u00fa svoje povolanie a ob\u010das maj\u00fa n\u00e1rok zlyha\u0165. My z\u00e1kazn\u00edci to berieme ako slu\u017ebu, nie je v\u0161ak na \u0161kodu prizera\u0165 sa na to aj t\u00fdm \u013eudsk\u00fdm okom. Nikdy nevieme, kedy sa v\u00a0takej situ\u00e1cii ocitneme my.Hoci sa slovo \u00facta pou\u017e\u00edva v\u00a0slovnom spojen\u00ed \u00facta k\u00a0star\u0161\u00edm, \u00factu by sme mali ma\u0165 ku ka\u017ed\u00e9mu. Nie sme viac ani menej ako nikto na svete, ka\u017ed\u00fd z\u00a0n\u00e1s je nesmierne cenn\u00fd. \u00dactu by sme mali pestova\u0165 aj k\u00a0sebe.\u00a0                                                                                                                                                                                                                                                                                                                                                                                        4.4\/5 - (8 votes)        "},{"@context":"https:\/\/schema.org\/","@type":"BreadcrumbList","itemListElement":[{"@type":"ListItem","position":1,"name":"Kam sa podela slu\u0161nos\u0165?","item":"https:\/\/www.basketesprit.sk\/kam-sa-podela-slusnost\/#breadcrumbitem"}]}]